{"id":389,"date":"2018-08-09T11:56:45","date_gmt":"2018-08-09T10:56:45","guid":{"rendered":"https:\/\/www.avvocatofrancescoleone.it\/fl\/?p=389"},"modified":"2018-08-10T08:21:04","modified_gmt":"2018-08-10T07:21:04","slug":"diplomati-magistrali","status":"publish","type":"post","link":"https:\/\/www.avvocatofrancescoleone.it\/fl\/2018\/08\/09\/diplomati-magistrali\/","title":{"rendered":"DIPLOMATI MAGISTRALI"},"content":{"rendered":"\t\t<div data-elementor-type=\"wp-post\" data-elementor-id=\"389\" class=\"elementor elementor-389 elementor-bc-flex-widget\">\n\t\t\t\t\t\t<section class=\"elementor-section elementor-top-section elementor-element elementor-element-fb76b10 elementor-section-boxed elementor-section-height-default elementor-section-height-default\" data-id=\"fb76b10\" data-element_type=\"section\" data-e-type=\"section\" data-settings=\"{&quot;background_background&quot;:&quot;gradient&quot;,&quot;shape_divider_bottom&quot;:&quot;opacity-tilt&quot;}\">\n\t\t\t\t\t\t\t<div class=\"elementor-background-overlay\"><\/div>\n\t\t\t\t\t\t<div class=\"elementor-shape elementor-shape-bottom\" aria-hidden=\"true\" data-negative=\"false\">\n\t\t\t<svg xmlns=\"http:\/\/www.w3.org\/2000\/svg\" viewBox=\"0 0 2600 131.1\" preserveAspectRatio=\"none\">\n\t<path class=\"elementor-shape-fill\" d=\"M0 0L2600 0 2600 69.1 0 0z\"\/>\n\t<path class=\"elementor-shape-fill\" style=\"opacity:0.5\" d=\"M0 0L2600 0 2600 69.1 0 69.1z\"\/>\n\t<path class=\"elementor-shape-fill\" style=\"opacity:0.25\" d=\"M2600 0L0 0 0 130.1 2600 69.1z\"\/>\n<\/svg>\t\t<\/div>\n\t\t\t\t\t<div class=\"elementor-container elementor-column-gap-default\">\n\t\t\t\t\t<div class=\"elementor-column elementor-col-100 elementor-top-column elementor-element elementor-element-7c64ca5e\" data-id=\"7c64ca5e\" data-element_type=\"column\" data-e-type=\"column\">\n\t\t\t<div class=\"elementor-widget-wrap elementor-element-populated\">\n\t\t\t\t\t\t<div class=\"elementor-element elementor-element-f334583 elementor-widget elementor-widget-heading\" data-id=\"f334583\" data-element_type=\"widget\" data-e-type=\"widget\" data-widget_type=\"heading.default\">\n\t\t\t\t<div class=\"elementor-widget-container\">\n\t\t\t\t\t<h2 class=\"elementor-heading-title elementor-size-large\"><b>DIPLOMATI MAGISTRALI<\/b><\/h2>\t\t\t\t<\/div>\n\t\t\t\t<\/div>\n\t\t\t\t<div class=\"elementor-element elementor-element-13baa402 elementor-widget elementor-widget-text-editor\" data-id=\"13baa402\" data-element_type=\"widget\" data-e-type=\"widget\" data-widget_type=\"text-editor.default\">\n\t\t\t\t<div class=\"elementor-widget-container\">\n\t\t\t\t\t\t\t\t\t<p><strong style=\"background-color: transparent;\">\u00a0 \u00a0 \u00a0 \u00a0 \u00a0 \u00a0 \u00a0 \u00a0 \u00a0 \u00a0 \u00a0 \u00a0 \u00a0 \u00a0 \u00a0 \u00a0 \u00a0 \u00a0 \u00a0 \u00a0 \u00a0 \u00a0 \u00a0 \u00a0 \u00a0 \u00a0 \u00a0 \u00a0 \u00a0 \u00a0 \u00a0 \u00a0 La storia infinita&#8230; continua<\/strong><\/p>\t\t\t\t\t\t\t\t<\/div>\n\t\t\t\t<\/div>\n\t\t\t\t\t<\/div>\n\t\t<\/div>\n\t\t\t\t\t<\/div>\n\t\t<\/section>\n\t\t\t\t<section class=\"elementor-section elementor-top-section elementor-element elementor-element-43eec993 elementor-section-boxed elementor-section-height-default elementor-section-height-default\" data-id=\"43eec993\" data-element_type=\"section\" data-e-type=\"section\">\n\t\t\t\t\t\t<div class=\"elementor-container elementor-column-gap-default\">\n\t\t\t\t\t<div class=\"elementor-column elementor-col-100 elementor-top-column elementor-element elementor-element-6dd658c4\" data-id=\"6dd658c4\" data-element_type=\"column\" data-e-type=\"column\">\n\t\t\t<div class=\"elementor-widget-wrap elementor-element-populated\">\n\t\t\t\t\t\t<div class=\"elementor-element elementor-element-258fc0b1 elementor-widget elementor-widget-image\" data-id=\"258fc0b1\" data-element_type=\"widget\" data-e-type=\"widget\" data-widget_type=\"image.default\">\n\t\t\t\t<div class=\"elementor-widget-container\">\n\t\t\t\t\t\t\t\t\t\t\t\t\t\t\t<img decoding=\"async\" width=\"140\" height=\"140\" src=\"https:\/\/www.avvocatofrancescoleone.it\/fl\/wp-content\/uploads\/2017\/11\/Fotografie-0027.jpg\" class=\"attachment-full size-full wp-image-228\" alt=\"\" srcset=\"https:\/\/www.avvocatofrancescoleone.it\/fl\/wp-content\/uploads\/2017\/11\/Fotografie-0027.jpg 140w, https:\/\/www.avvocatofrancescoleone.it\/fl\/wp-content\/uploads\/2017\/11\/Fotografie-0027-73x73.jpg 73w\" sizes=\"(max-width: 140px) 100vw, 140px\" \/>\t\t\t\t\t\t\t\t\t\t\t\t\t\t\t<\/div>\n\t\t\t\t<\/div>\n\t\t\t\t<div class=\"elementor-element elementor-element-723a7fbc elementor-widget elementor-widget-heading\" data-id=\"723a7fbc\" data-element_type=\"widget\" data-e-type=\"widget\" data-widget_type=\"heading.default\">\n\t\t\t\t<div class=\"elementor-widget-container\">\n\t\t\t\t\t<h4 class=\"elementor-heading-title elementor-size-default\">By Avv. Francesco Leone<\/h4>\t\t\t\t<\/div>\n\t\t\t\t<\/div>\n\t\t\t\t<div class=\"elementor-element elementor-element-5c7c5aa2 elementor-widget elementor-widget-spacer\" data-id=\"5c7c5aa2\" data-element_type=\"widget\" data-e-type=\"widget\" data-widget_type=\"spacer.default\">\n\t\t\t\t<div class=\"elementor-widget-container\">\n\t\t\t\t\t\t\t<div class=\"elementor-spacer\">\n\t\t\t<div class=\"elementor-spacer-inner\"><\/div>\n\t\t<\/div>\n\t\t\t\t\t\t<\/div>\n\t\t\t\t<\/div>\n\t\t\t\t<div class=\"elementor-element elementor-element-2907b670 elementor-widget elementor-widget-text-editor\" data-id=\"2907b670\" data-element_type=\"widget\" data-e-type=\"widget\" data-widget_type=\"text-editor.default\">\n\t\t\t\t<div class=\"elementor-widget-container\">\n\t\t\t\t\t\t\t\t\t<p class=\"MsoNormal\"><span style=\"font-family: Garamond, serif; font-size: 12pt; letter-spacing: 1.1px;\">In linea generale ed a caldo, si pu\u00f2 dire che \u00e8 stata &#8211; nuovamente &#8211; persa un&#8217;occasione per risolvere il noto quanto vecchio problema dei diplomati magistrali ante 2001\/2002.\u00a0<\/span><\/p><p class=\"MsoNormal\"><span style=\"font-family: Garamond, serif; font-size: 12pt; letter-spacing: 1.1px;\">E dire che le premesse del nuovo governo erano buone: si era partiti con una moratoria di 120 gg. per coloro che avevano partecipato alla Plenaria.<\/span><\/p><p class=\"MsoNormal\"><span style=\"font-family: Garamond, serif; font-size: 12pt; letter-spacing: 1.1px;\">Nel 2013 e poi nel 2015, il Consiglio di Stato, con le sent. n. 3813 dell&#8217;11 settembre 2013 e n. 1973 del 16 aprile 2015, ha riconosciuto il valore abilitante del titolo magistrale ante A.S. 2001\/2002.<\/span><\/p>\t\t\t\t\t\t\t\t<\/div>\n\t\t\t\t<\/div>\n\t\t\t\t<div class=\"elementor-element elementor-element-41e2bfff elementor-widget elementor-widget-text-editor\" data-id=\"41e2bfff\" data-element_type=\"widget\" data-e-type=\"widget\" data-widget_type=\"text-editor.default\">\n\t\t\t\t<div class=\"elementor-widget-container\">\n\t\t\t\t\t\t\t\t\t<p>&#8220;Questo Collegio ritiene, peraltro, che sussista l&#8217;attualit\u00e0 dell&#8217;interesse degli originari ricorrenti ai quali, in precedenza, non \u00e8 stato consentito di formulare la domanda di inserimento nelle graduatorie permanenti (ora ad esaurimento) riservate ai docenti muniti di abilitazione, in quanto il diploma magistrale conseguito entro l&#8217;anno scolastico 2001-2002, \u00e8 stato considerato titolo abilitante solo a partire dall&#8217;intervento del Consiglio di Stato, il cui parere \u00e8 stato formalizzato dal d.P.R. del 25 marzo 2014. Quest\u2019ultimo, riconoscendo il citato diploma come abilitante a tutti gli effetti di legge, ha consentito cos\u00ec agli attuali appellanti di presentare la predetta domanda di inserimento in graduatoria&#8221;<i> (Consiglio di Stato Sez. VI 16.05.2015 n. 1973)<\/i><\/p>\t\t\t\t\t\t\t\t<\/div>\n\t\t\t\t<\/div>\n\t\t\t\t<div class=\"elementor-element elementor-element-4c448f59 elementor-widget elementor-widget-text-editor\" data-id=\"4c448f59\" data-element_type=\"widget\" data-e-type=\"widget\" data-widget_type=\"text-editor.default\">\n\t\t\t\t<div class=\"elementor-widget-container\">\n\t\t\t\t\t\t\t\t\t<p><span style=\"color: #000000; font-family: Garamond, serif; font-style: normal; font-weight: 300; letter-spacing: 1.1px;\">Detto D.P.R. 25.03.2014 \u00e8 stato pubblicato in Gazzetta Ufficiale il 15.05.2014.<\/span><\/p><p><span style=\"color: #000000; font-family: Garamond, serif; font-style: normal; font-weight: 300; letter-spacing: 1.1px;\">Invece, il D.M. n. 235\/2014 (Aggiornamento delle Graduatorie ad esaurimento) \u00e8 stato pubblicato in data\u00a0<\/span><span style=\"color: #000000; font-family: Garamond, serif; font-style: normal; font-weight: 300; letter-spacing: 1.1px;\">01.04.2014.<\/span><\/p><p><span style=\"color: #000000; font-family: Garamond, serif; font-style: normal; font-weight: 300; letter-spacing: 1.1px;\">Quindi, \u00e8 evidente, confrontando le date suriportate, che i diplomati magistrali non potevano essere a conoscenza del fatto che il loro titolo consentisse l&#8217;ingresso in III fascia GAE.<\/span><\/p><p><span style=\"color: #000000; font-family: Garamond, serif; font-style: normal; font-weight: 300; letter-spacing: 1.1px;\">Gi\u00e0 questo semplice ragionamento evidenzia la profonda ingiustizia.<\/span><\/p><p><span style=\"color: #000000; font-family: Garamond, serif; font-style: normal; font-weight: 300; letter-spacing: 1.1px;\">Il MIUR afferma che i diplomati potevano ugualmente presentare prima la domanda e, poi, ricorrere se erano convinti del valore abilitante del titolo stesso.<\/span><\/p><p><span style=\"color: #000000; font-family: Garamond, serif; font-style: normal; font-weight: 300; letter-spacing: 1.1px;\">Che, poi, \u00e8 come dire: presenta una domanda per ogni bando o concorso, acnhe se non hai titolo, prima o poi ti andr\u00e0 bene.<\/span><\/p><p><span style=\"color: #000000; font-family: Garamond, serif; font-style: normal; font-weight: 300; letter-spacing: 1.1px;\">Ebbene, era sufficiente che, con il Decreto Dignit\u00e0, il Governo prevedesse la possibilit\u00e0 di riaprire i termini per la presentazione delle domande per le GAE 2014\/2017 (prorogate fino all&#8217;A.S. 2019\/2020).<\/span><\/p><p><span style=\"color: #000000; font-family: Garamond, serif; font-style: normal; font-weight: 300; letter-spacing: 1.1px;\">\u00a0Viene, invece, previsto un concorso straordinario, che servir\u00e0 a coprire quel 50% dei posti rimasti, dopo la chiamata dei vincitori del concorso indetto ex art. 1 comma 114 Legge n. 107\/2015.<\/span><\/p><p><span style=\"color: #000000; font-family: Garamond, serif; font-style: normal; font-weight: 300; letter-spacing: 1.1px;\">Quindi, un docente diplomato, con oltre due anni di servizio (requisito prescritto per partecipare al concorso straordinario) e dopo aver superato un concorso pubblico, nell&#8217;assegnazione del ruolo si vedr\u00e0 scavalcato da altro docente, il quale ha solo 180 gg. di insegnamento (requisito previsto per partecipare al concorso 2016).<\/span><\/p><p><span style=\"color: #000000; font-family: Garamond, serif; font-style: normal; font-weight: 300; letter-spacing: 1.1px;\">Quale \u00e8 la ratio di tale decisione?<\/span><\/p><p><span style=\"color: #000000; font-family: Garamond, serif; font-style: normal; font-weight: 300; letter-spacing: 1.1px;\">Ovviamente, non tutti i vincitori del concorso straordinario riceveranno il ruolo, ma continueranno ad essere chiamati per supplenze od a tempo determinato, con nessun diritto di adeguamento della retribuzione rispetto agli anni di servizio prestati.<\/span><\/p><p><span style=\"color: #000000; font-family: Garamond, serif; font-style: normal; font-weight: 300; letter-spacing: 1.1px;\">E che dire del servizio prestato nelle scuole paritarie? O del servizio prestato in parte su sostegno ed in parte su posto comune? Saranno valutati?<\/span><\/p><p><span style=\"color: #000000; font-family: Garamond, serif; font-style: normal; font-weight: 300; letter-spacing: 1.1px;\">Si \u00e8 risolto il problema dei dipomati magistrali? NO&#8230; si \u00e8 ancora garantito loro un futuro precario ed al minimo salariale&#8230;<\/span><\/p><p><span style=\"color: #000000; font-family: Garamond, serif; font-style: normal; font-weight: 300; letter-spacing: 1.1px;\">\u00a0Molti scrivono che la categioria dei diplomati magistrali \u00e8 stata creata dai ricorsi: in verit\u00e0, la detta categoria \u00e8 stata creata e voluta dal MIUR. Tutti hanno la legittima aspettativa che, se una sentenza del massimo organo della Giustizia Amministrativa riconosce il valore abilitante di un titolo, acquisito ben prima della chiusura delle Graduatorie, quella decisione valga ed abbia effetto per tutti coloro che si trovano nella medesima posizione.<\/span><\/p><p><span style=\"color: #000000; font-family: Garamond, serif; font-style: normal; font-weight: 300; letter-spacing: 1.1px;\">Si chiama parit\u00e0!<\/span><\/p><p><span style=\"color: #000000; font-family: Garamond, serif; font-style: normal; font-weight: 300; letter-spacing: 1.1px;\">\u00a0<\/span><\/p>\t\t\t\t\t\t\t\t<\/div>\n\t\t\t\t<\/div>\n\t\t\t\t\t<\/div>\n\t\t<\/div>\n\t\t\t\t\t<\/div>\n\t\t<\/section>\n\t\t\t\t<section class=\"elementor-section elementor-top-section elementor-element elementor-element-3b4d3198 elementor-section-boxed elementor-section-height-default elementor-section-height-default\" data-id=\"3b4d3198\" data-element_type=\"section\" data-e-type=\"section\">\n\t\t\t\t\t\t<div class=\"elementor-container elementor-column-gap-no\">\n\t\t\t\t\t<div class=\"elementor-column elementor-col-100 elementor-top-column elementor-element elementor-element-5e94b26f\" data-id=\"5e94b26f\" data-element_type=\"column\" data-e-type=\"column\">\n\t\t\t<div class=\"elementor-widget-wrap elementor-element-populated\">\n\t\t\t\t\t\t<div class=\"elementor-element elementor-element-30683f20 elementor-pagination-position-inside elementor-widget elementor-widget-image-carousel\" data-id=\"30683f20\" data-element_type=\"widget\" data-e-type=\"widget\" data-settings=\"{&quot;slides_to_show&quot;:&quot;1&quot;,&quot;navigation&quot;:&quot;dots&quot;,&quot;autoplay&quot;:&quot;yes&quot;,&quot;pause_on_hover&quot;:&quot;yes&quot;,&quot;pause_on_interaction&quot;:&quot;yes&quot;,&quot;autoplay_speed&quot;:5000,&quot;infinite&quot;:&quot;yes&quot;,&quot;effect&quot;:&quot;slide&quot;,&quot;speed&quot;:500}\" data-widget_type=\"image-carousel.default\">\n\t\t\t\t<div class=\"elementor-widget-container\">\n\t\t\t\t\t\t\t<div class=\"elementor-image-carousel-wrapper swiper\" role=\"region\" aria-roledescription=\"carousel\" aria-label=\"Carosello d&#039;immagini\" dir=\"ltr\">\n\t\t\t<div class=\"elementor-image-carousel swiper-wrapper\" aria-live=\"off\">\n\t\t\t\t\t\t\t\t<div class=\"swiper-slide\" role=\"group\" aria-roledescription=\"slide\" aria-label=\"1 di 2\"><figure class=\"swiper-slide-inner\"><img decoding=\"async\" class=\"swiper-slide-image\" src=\"https:\/\/www.avvocatofrancescoleone.it\/fl\/wp-content\/uploads\/elementor\/thumbs\/lhtqjazuprq-breather-nj1xttt3ohoy0q8y72y1vmi95ed894jj3wnyw3of38.jpg\" alt=\"lhtqjazuprq-breather.jpg\" \/><\/figure><\/div><div class=\"swiper-slide\" role=\"group\" aria-roledescription=\"slide\" aria-label=\"2 di 2\"><figure class=\"swiper-slide-inner\"><img decoding=\"async\" class=\"swiper-slide-image\" src=\"https:\/\/www.avvocatofrancescoleone.it\/fl\/wp-content\/uploads\/elementor\/thumbs\/9l_326fiszk-luca-bravo-nj1xtuqxvbq8cc7l1lcog49pqs8lgtn9g1bgddn0x0.jpg\" alt=\"9l_326fiszk-luca-bravo.jpg\" \/><\/figure><\/div>\t\t\t<\/div>\n\t\t\t\t\t\t\t\n\t\t\t\t\t\t\t\t\t<div class=\"swiper-pagination\"><\/div>\n\t\t\t\t\t\t\t\t\t<\/div>\n\t\t\t\t\t\t<\/div>\n\t\t\t\t<\/div>\n\t\t\t\t\t<\/div>\n\t\t<\/div>\n\t\t\t\t\t<\/div>\n\t\t<\/section>\n\t\t\t\t<\/div>\n\t\t","protected":false},"excerpt":{"rendered":"<p>DIPLOMATI MAGISTRALI \u00a0 \u00a0 \u00a0 \u00a0 \u00a0 \u00a0 \u00a0 \u00a0 \u00a0 \u00a0 \u00a0 \u00a0 \u00a0 \u00a0 \u00a0 \u00a0 \u00a0 \u00a0 \u00a0 \u00a0 \u00a0 \u00a0 \u00a0 \u00a0 \u00a0 \u00a0 \u00a0 \u00a0 \u00a0 \u00a0 \u00a0 \u00a0 La storia infinita&#8230; continua By Avv. Francesco Leone In linea generale ed a caldo, si pu\u00f2 dire che \u00e8 stata &#8211;<a class=\"read-more\" href=\"https:\/\/www.avvocatofrancescoleone.it\/fl\/2018\/08\/09\/diplomati-magistrali\/\"><br \/>-> Continue reading<span class=\"screen-reader-text\">  DIPLOMATI MAGISTRALI<\/span><\/a><\/p>\n","protected":false},"author":1,"featured_media":0,"comment_status":"closed","ping_status":"closed","sticky":false,"template":"","format":"standard","meta":{"footnotes":""},"categories":[1],"tags":[],"class_list":["post-389","post","type-post","status-publish","format-standard","hentry","category-uncategorized"],"wppr_data":[],"_links":{"self":[{"href":"https:\/\/www.avvocatofrancescoleone.it\/fl\/wp-json\/wp\/v2\/posts\/389","targetHints":{"allow":["GET"]}}],"collection":[{"href":"https:\/\/www.avvocatofrancescoleone.it\/fl\/wp-json\/wp\/v2\/posts"}],"about":[{"href":"https:\/\/www.avvocatofrancescoleone.it\/fl\/wp-json\/wp\/v2\/types\/post"}],"author":[{"embeddable":true,"href":"https:\/\/www.avvocatofrancescoleone.it\/fl\/wp-json\/wp\/v2\/users\/1"}],"replies":[{"embeddable":true,"href":"https:\/\/www.avvocatofrancescoleone.it\/fl\/wp-json\/wp\/v2\/comments?post=389"}],"version-history":[{"count":9,"href":"https:\/\/www.avvocatofrancescoleone.it\/fl\/wp-json\/wp\/v2\/posts\/389\/revisions"}],"predecessor-version":[{"id":399,"href":"https:\/\/www.avvocatofrancescoleone.it\/fl\/wp-json\/wp\/v2\/posts\/389\/revisions\/399"}],"wp:attachment":[{"href":"https:\/\/www.avvocatofrancescoleone.it\/fl\/wp-json\/wp\/v2\/media?parent=389"}],"wp:term":[{"taxonomy":"category","embeddable":true,"href":"https:\/\/www.avvocatofrancescoleone.it\/fl\/wp-json\/wp\/v2\/categories?post=389"},{"taxonomy":"post_tag","embeddable":true,"href":"https:\/\/www.avvocatofrancescoleone.it\/fl\/wp-json\/wp\/v2\/tags?post=389"}],"curies":[{"name":"wp","href":"https:\/\/api.w.org\/{rel}","templated":true}]}}